{"id":7938,"date":"2018-03-03T22:10:09","date_gmt":"2018-03-03T21:10:09","guid":{"rendered":"http:\/\/daniflaco.es\/?p=7938"},"modified":"2018-03-03T22:10:48","modified_gmt":"2018-03-03T21:10:48","slug":"vigo-16-marzo-sala-sinatra","status":"publish","type":"post","link":"http:\/\/daniflaco.es\/?p=7938","title":{"rendered":"VIGO: 16 Marzo Sala Sinatra C\u00f3ctel Bar"},"content":{"rendered":"<p><a href=\"http:\/\/daniflaco.es\/wp-content\/uploads\/2018\/03\/IMG_4880.jpg\"><img loading=\"lazy\" decoding=\"async\" class=\"alignnone wp-image-7931\" src=\"http:\/\/daniflaco.es\/wp-content\/uploads\/2018\/03\/IMG_4880.jpg\" alt=\"\" width=\"438\" height=\"294\" srcset=\"http:\/\/daniflaco.es\/wp-content\/uploads\/2018\/03\/IMG_4880.jpg 1000w, http:\/\/daniflaco.es\/wp-content\/uploads\/2018\/03\/IMG_4880-300x201.jpg 300w, http:\/\/daniflaco.es\/wp-content\/uploads\/2018\/03\/IMG_4880-768x515.jpg 768w\" sizes=\"(max-width: 438px) 100vw, 438px\" \/><\/a><\/p>\n<p>16 de Marzo Sala Sinatra C\u00f3ctel Bar Vigo<\/p>\n<p>R\u00faa Ferm\u00edn Penzol, 6<\/p>\n<p>22h<\/p>\n<p>10 euros anticipadas<\/p>\n<p>12 euros taquilla<\/p>\n<p><a href=\"https:\/\/entradium.com\/entradas\/dani-flaco-en-vigo\">Comprar entradas<\/a><\/p>\n","protected":false},"excerpt":{"rendered":"<p>16 de Marzo Sala Sinatra C\u00f3ctel Bar Vigo R\u00faa Ferm\u00edn Penzol, 6 22h 10 euros anticipadas 12 euros taquilla Comprar entradas<\/p>\n","protected":false},"author":1,"featured_media":0,"comment_status":"open","ping_status":"open","sticky":false,"template":"","format":"standard","meta":{"footnotes":""},"categories":[30],"tags":[],"_links":{"self":[{"href":"http:\/\/daniflaco.es\/index.php?rest_route=\/wp\/v2\/posts\/7938"}],"collection":[{"href":"http:\/\/daniflaco.es\/index.php?rest_route=\/wp\/v2\/posts"}],"about":[{"href":"http:\/\/daniflaco.es\/index.php?rest_route=\/wp\/v2\/types\/post"}],"author":[{"embeddable":true,"href":"http:\/\/daniflaco.es\/index.php?rest_route=\/wp\/v2\/users\/1"}],"replies":[{"embeddable":true,"href":"http:\/\/daniflaco.es\/index.php?rest_route=%2Fwp%2Fv2%2Fcomments&post=7938"}],"version-history":[{"count":3,"href":"http:\/\/daniflaco.es\/index.php?rest_route=\/wp\/v2\/posts\/7938\/revisions"}],"predecessor-version":[{"id":7941,"href":"http:\/\/daniflaco.es\/index.php?rest_route=\/wp\/v2\/posts\/7938\/revisions\/7941"}],"wp:attachment":[{"href":"http:\/\/daniflaco.es\/index.php?rest_route=%2Fwp%2Fv2%2Fmedia&parent=7938"}],"wp:term":[{"taxonomy":"category","embeddable":true,"href":"http:\/\/daniflaco.es\/index.php?rest_route=%2Fwp%2Fv2%2Fcategories&post=7938"},{"taxonomy":"post_tag","embeddable":true,"href":"http:\/\/daniflaco.es\/index.php?rest_route=%2Fwp%2Fv2%2Ftags&post=7938"}],"curies":[{"name":"wp","href":"https:\/\/api.w.org\/{rel}","templated":true}]}}