{"id":130,"date":"2017-09-07T16:10:29","date_gmt":"2017-09-07T14:10:29","guid":{"rendered":"http:\/\/daniflaco.es\/?p=130"},"modified":"2017-09-19T11:43:47","modified_gmt":"2017-09-19T09:43:47","slug":"bio","status":"publish","type":"post","link":"http:\/\/daniflaco.es\/?p=130","title":{"rendered":"Bio"},"content":{"rendered":"<p>El intr\u00e9pido arte del se\u00f1or Flaco<\/p>\n<p><b>J.M. Hern\u00e1ndez Ripoll<\/b><\/p>\n<p>Se necesita ser intr\u00e9pido para abrir un disco con una canci\u00f3n titulada \u201cHasta la vista\u201d. Podr\u00eda entenderse como una paradoja lanzada con socarroner\u00eda castiza al oyente y consumidor que, como deber\u00eda ser el caso, en estos momentos sostiene el librillo en las manos mientras el ced\u00e9 va dando vueltas y vueltas en el interior de un cacharro que tiene los d\u00edas contados. Pero as\u00ed es Dani Flaco, un personaje aut\u00e9ntico, transparente tanto de intenciones como de canciones, que no flojea, testarudo y convencido de s\u00ed mismo, en su dedicaci\u00f3n a este noble oficio de crear canciones. Un arte, digamos, no siempre valorado en su justa medida.<\/p>\n<p>Y, la verdad, es que no defrauda. \u201cVerbenas y fiestas menores\u201d es un trabajo manufacturado con los diminutos dedos del alma. Se abre el rock como las nubes para iluminar un paisaje de ritmos dulces y acogedores, con sabores de baladas agridulces, con alguna que otra pincelada transatl\u00e1ntica, con pellizcos folk, gotas funk y gui\u00f1os pop que encajan con precisi\u00f3n artesana en unas letras que juegan al que te pillo con las orejas ajenas. No siempre al buen entendedor pocas rimas bastan. Y si no lo creen, sugiero escuchar con suma atenci\u00f3n piezas del tama\u00f1o de \u201cDistrito VI\u201d, donde pone en el punto de mira a esa gaviota can\u00edbal que sobrevuela el pa\u00eds; o, en el lado opuesto, el tema bautizado con un escueto \u201cY ya\u201d, donde los versos nos describen a ritmo de vals la esperanza que surge del desamor. Quien avisa no es traidor.<\/p>\n<p>Con el paso del tiempo, llegada la madurez art\u00edstica y personal, don Daniel ha conseguido domar su propia voz. Se nota el esfuerzo conseguido en centenares, por no decir miles, de escenarios. En las trece piezas que componen el disco que ahora nos ata\u00f1e, canta con la cabeza, sin exageraciones ni sobreactuaciones, midiendo intensidades, falsetes y gravedades, que no es f\u00e1cil en estos tiempos creativos que corren como pollo sin cabeza. Ya no hay confusi\u00f3n posible, ese sello tan personal que es su voz medio rota, medio entera, p\u00edcara y canalla, aterciopelada y seductora, se ha convertido en la ense\u00f1a, marca de la casa, inconfundible incluso para los que no saben diferenciar un grito de dolor de uno de placer. Que, ya me perdonar\u00e1n, pero de haberlos, hailos.<\/p>\n<p>Como artista, que lo es y mucho, Dani Flaco sabe que el movimiento se demuestra cantando. Que hay que andar y recorrer muchos m\u00e1stiles de seis cuerdas, en la herm\u00e9tica soledad del creador, para poder dar forma y luz un trabajo como \u201cVerbenas y fiestas menores\u201d. De acuerdo, el horizonte es inalcanzable, pero lo importante es poseer el talento suficiente como para no perderlo nunca de vista, incluso en los momentos m\u00e1s inoportunos de oscuridad. H\u00e1gase la luz.<\/p>\n","protected":false},"excerpt":{"rendered":"<p>El intr\u00e9pido arte del se\u00f1or Flaco J.M. Hern\u00e1ndez Ripoll Se necesita ser intr\u00e9pido para abrir un disco con una canci\u00f3n titulada \u201cHasta la vista\u201d. Podr\u00eda entenderse como una paradoja lanzada con socarroner\u00eda castiza al oyente y consumidor que, como deber\u00eda ser el caso, en estos momentos sostiene el librillo en las manos mientras el ced\u00e9 [&hellip;]<\/p>\n","protected":false},"author":1,"featured_media":0,"comment_status":"open","ping_status":"open","sticky":false,"template":"","format":"standard","meta":{"footnotes":""},"categories":[32],"tags":[],"_links":{"self":[{"href":"http:\/\/daniflaco.es\/index.php?rest_route=\/wp\/v2\/posts\/130"}],"collection":[{"href":"http:\/\/daniflaco.es\/index.php?rest_route=\/wp\/v2\/posts"}],"about":[{"href":"http:\/\/daniflaco.es\/index.php?rest_route=\/wp\/v2\/types\/post"}],"author":[{"embeddable":true,"href":"http:\/\/daniflaco.es\/index.php?rest_route=\/wp\/v2\/users\/1"}],"replies":[{"embeddable":true,"href":"http:\/\/daniflaco.es\/index.php?rest_route=%2Fwp%2Fv2%2Fcomments&post=130"}],"version-history":[{"count":2,"href":"http:\/\/daniflaco.es\/index.php?rest_route=\/wp\/v2\/posts\/130\/revisions"}],"predecessor-version":[{"id":7623,"href":"http:\/\/daniflaco.es\/index.php?rest_route=\/wp\/v2\/posts\/130\/revisions\/7623"}],"wp:attachment":[{"href":"http:\/\/daniflaco.es\/index.php?rest_route=%2Fwp%2Fv2%2Fmedia&parent=130"}],"wp:term":[{"taxonomy":"category","embeddable":true,"href":"http:\/\/daniflaco.es\/index.php?rest_route=%2Fwp%2Fv2%2Fcategories&post=130"},{"taxonomy":"post_tag","embeddable":true,"href":"http:\/\/daniflaco.es\/index.php?rest_route=%2Fwp%2Fv2%2Ftags&post=130"}],"curies":[{"name":"wp","href":"https:\/\/api.w.org\/{rel}","templated":true}]}}